{"id":56433,"date":"2025-11-28T06:40:33","date_gmt":"2025-11-28T05:40:33","guid":{"rendered":"https:\/\/bodegasdelamarquesa.com\/bodegas-de-la-marquesa-at-ardoaraba-2025\/"},"modified":"2026-04-01T19:02:42","modified_gmt":"2026-04-01T17:02:42","slug":"bodegas-de-la-marquesa-at-ardoaraba-2025","status":"publish","type":"post","link":"https:\/\/bodegasdelamarquesa.com\/en\/bodegas-de-la-marquesa-at-ardoaraba-2025\/","title":{"rendered":"Bodegas de la Marquesa at Ardoaraba 2025"},"content":{"rendered":"<p><span class=\"html-span xexx8yu xyri2b x18d9i69 x1c1uobl x1hl2dhg x16tdsg8 x1vvkbs x3nfvp2 x1j61x8r x1fcty0u xdj266r xat24cr xm2jcoa x1mpyi22 xxymvpz xlup9mm x1kky2od\"><img loading=\"lazy\" decoding=\"async\" class=\"xz74otr x15mokao x1ga7v0g x16uus16 xbiv7yw\" src=\"https:\/\/static.xx.fbcdn.net\/images\/emoji.php\/v9\/t5c\/1\/16\/1f5d3.png\" alt=\"\ud83d\uddd3\ufe0f\" width=\"16\" height=\"16\"><\/span>Del viernes 5 al lunes 8 de diciembre tendr\u00e1 lugar @ardoaraba 2025 en el que estaremos presentes @vybdelamarquesavalserrano con nuestro stand en la Plaza de los Fueros.<br class=\"html-br\"><br class=\"html-br\"><span class=\"html-span xexx8yu xyri2b x18d9i69 x1c1uobl x1hl2dhg x16tdsg8 x1vvkbs x3nfvp2 x1j61x8r x1fcty0u xdj266r xat24cr xm2jcoa x1mpyi22 xxymvpz xlup9mm x1kky2od\"><img loading=\"lazy\" decoding=\"async\" class=\"xz74otr x15mokao x1ga7v0g x16uus16 xbiv7yw\" src=\"...\" alt=\"\ud83c\udf77\" width=\"16\" height=\"16\"><\/span>Adem\u00e1s realizaremos varias catas; el S\u00e1bado 6 en el Palacio Cord\u00f3n y el Domingo 7 en el Txoko Gastron\u00f3mico.<br class=\"html-br\"><br class=\"html-br\">\u00a1Ya pod\u00e9is haceros con vuestros talonarios de puntos y\/o entradas para disfrutar de \u00e9stas catas a trav\u00e9s de la p\u00e1gina de Ardoaraba y en el enlace directo de nuestros stories!<\/p>\n\n<p><\/p>\n","protected":false},"excerpt":{"rendered":"<p>Del viernes 5 al lunes 8 de diciembre tendr\u00e1 lugar @ardoaraba 2025 en el que estaremos presentes @vybdelamarquesavalserrano con nuestro stand en la Plaza de los Fueros.Adem\u00e1s realizaremos varias catas; el S\u00e1bado 6 en el Palacio Cord\u00f3n y el Domingo 7 en el Txoko Gastron\u00f3mico.\u00a1Ya pod\u00e9is haceros con vuestros talonarios de puntos y\/o entradas para&hellip;<\/p>\n","protected":false},"author":2,"featured_media":56432,"comment_status":"closed","ping_status":"closed","sticky":false,"template":"","format":"standard","meta":{"_acf_changed":false,"footnotes":""},"categories":[185,186,187],"tags":[260,261,262,253,225,216,201,194,189],"class_list":["post-56433","post","type-post","status-publish","format-standard","has-post-thumbnail","hentry","category-events","category-fairs-and-events","category-wine-news","tag-arodaraba-2025","tag-villabuena-wines","tag-vitoria","tag-riojawine","tag-seleccion-terruno","tag-basque-wine","tag-rioja-alavesa","tag-bodegas-de-la-marquesa","tag-valserrano"],"acf":[],"_links":{"self":[{"href":"https:\/\/bodegasdelamarquesa.com\/en\/wp-json\/wp\/v2\/posts\/56433","targetHints":{"allow":["GET"]}}],"collection":[{"href":"https:\/\/bodegasdelamarquesa.com\/en\/wp-json\/wp\/v2\/posts"}],"about":[{"href":"https:\/\/bodegasdelamarquesa.com\/en\/wp-json\/wp\/v2\/types\/post"}],"author":[{"embeddable":true,"href":"https:\/\/bodegasdelamarquesa.com\/en\/wp-json\/wp\/v2\/users\/2"}],"replies":[{"embeddable":true,"href":"https:\/\/bodegasdelamarquesa.com\/en\/wp-json\/wp\/v2\/comments?post=56433"}],"version-history":[{"count":1,"href":"https:\/\/bodegasdelamarquesa.com\/en\/wp-json\/wp\/v2\/posts\/56433\/revisions"}],"predecessor-version":[{"id":56434,"href":"https:\/\/bodegasdelamarquesa.com\/en\/wp-json\/wp\/v2\/posts\/56433\/revisions\/56434"}],"wp:featuredmedia":[{"embeddable":true,"href":"https:\/\/bodegasdelamarquesa.com\/en\/wp-json\/wp\/v2\/media\/56432"}],"wp:attachment":[{"href":"https:\/\/bodegasdelamarquesa.com\/en\/wp-json\/wp\/v2\/media?parent=56433"}],"wp:term":[{"taxonomy":"category","embeddable":true,"href":"https:\/\/bodegasdelamarquesa.com\/en\/wp-json\/wp\/v2\/categories?post=56433"},{"taxonomy":"post_tag","embeddable":true,"href":"https:\/\/bodegasdelamarquesa.com\/en\/wp-json\/wp\/v2\/tags?post=56433"}],"curies":[{"name":"wp","href":"https:\/\/api.w.org\/{rel}","templated":true}]}}